{"id":14210,"date":"2024-12-05T08:00:00","date_gmt":"2024-12-05T07:00:00","guid":{"rendered":"https:\/\/kawadlabiznesu.pl\/nespresso\/zakup-kawy-dla-pracownikow-a-odliczenie-vat-co-powinien-wiedziec-przedsiebiorca\/"},"modified":"2024-12-05T08:00:00","modified_gmt":"2024-12-05T07:00:00","slug":"zakup-kawy-dla-pracownikow-a-odliczenie-vat-co-powinien-wiedziec-przedsiebiorca","status":"publish","type":"post","link":"https:\/\/kawadlabiznesu.pl\/nespresso\/zakup-kawy-dla-pracownikow-a-odliczenie-vat-co-powinien-wiedziec-przedsiebiorca\/","title":{"rendered":"Zakup kawy dla pracownik\u00f3w a odliczenie VAT &#8211; co powinien wiedzie\u0107 przedsi\u0119biorca?"},"content":{"rendered":"<div class=\"wp-block-rank-math-toc-block\" id=\"rank-math-toc\"><p><strong>Co znajdziesz w artykule?<\/strong><\/p><nav><ul><li class=\"\"><a href=\"#zakup-kawy-dla-pracownikw-a-odliczenie-vat--kiedy-przedsibiorca-moe-skorzysta\">Zakup kawy dla pracownik\u00f3w a odliczenie VAT \u2013 kiedy przedsi\u0119biorca mo\u017ce skorzysta\u0107<\/a><\/li><li class=\"\"><a href=\"#jak-bezpiecznie-udokumentowa-bzakup-kawy-dla-pracownikw-a-odliczenie-vatb\">Jak bezpiecznie udokumentowa\u0107 <b>zakup kawy dla pracownik\u00f3w a odliczenie VAT<\/b><\/a><\/li><li class=\"\"><a href=\"#dlaczego-dobra-kawa-w-biurze-to-nie-tylko-koszt--ale-take-realna-warto-dla-firmy\">Dlaczego dobra kawa w biurze to nie tylko koszt \u2013 ale tak\u017ce realna warto\u015b\u0107 dla firmy<\/a><\/li><\/ul><\/nav><\/div><h2 class=\"wp-block-heading\" id=\"zakup-kawy-dla-pracownikw-a-odliczenie-vat--kiedy-przedsibiorca-moe-skorzysta\">Zakup kawy dla pracownik\u00f3w a odliczenie VAT \u2013 kiedy przedsi\u0119biorca mo\u017ce skorzysta\u0107<\/h2>\n<p class=\"wp-block-paragraph\">W praktyce <b>zakup kawy dla pracownik\u00f3w a odliczenie vat<\/b> mo\u017ce by\u0107 uznany za zasadne wtedy, gdy wydatek pozostaje w wyra\u017anym zwi\u0105zku z prowadzon\u0105 dzia\u0142alno\u015bci\u0105 gospodarcz\u0105. Chodzi przede wszystkim o sytuacje, w kt\u00f3rych kawa jest dost\u0119pna w biurze dla zespo\u0142u jako element organizacji pracy i zapewnienia odpowiednich warunk\u00f3w socjalnych. Taki zakup nie ma w\u00f3wczas charakteru prywatnego, lecz s\u0142u\u017cy codziennemu funkcjonowaniu firmy, wspiera komfort zatrudnionych oraz wp\u0142ywa na sprawno\u015b\u0107 wykonywania obowi\u0105zk\u00f3w. Dobrze wyposa\u017cona strefa kawowa sprzyja kr\u00f3tkim przerwom, spotkaniom roboczym i lepszej komunikacji w zespole, dlatego dla wielu przedsi\u0119biorstw stanowi naturalny element zaplecza biurowego.<\/p>\n<p class=\"wp-block-paragraph\">Znaczenie ma tak\u017ce to, \u017ce kawa udost\u0119pniana w miejscu pracy cz\u0119sto jest traktowana jako standard organizacyjny, podobnie jak woda czy podstawowe wyposa\u017cenie socjalne. W tym kontek\u015bcie <b>zakup kawy dla pracownik\u00f3w a odliczenie vat<\/b> warto ocenia\u0107 przez pryzmat realnych potrzeb firmy oraz wp\u0142ywu wydatku na efektywno\u015b\u0107 pracy. Rozwi\u0105zania oferowane dla biur, takie jak profesjonalne ekspresy i regularne dostawy kapsu\u0142ek dost\u0119pne w Nespresso Professional, dodatkowo podkre\u015blaj\u0105 biznesowy charakter takiego zakupu. Szeroki wyb\u00f3r mieszanek, niezawodne urz\u0105dzenia, elastyczne modele wsp\u00f3\u0142pracy i szybki serwis pomagaj\u0105 utrzyma\u0107 ci\u0105g\u0142o\u015b\u0107 pracy, a sama przerwa na kaw\u0119 mo\u017ce wspiera\u0107 motywacj\u0119, relacje i codzienn\u0105 organizacj\u0119 przedsi\u0119biorstwa.<\/p><h2 class=\"wp-block-heading\" id=\"jak-bezpiecznie-udokumentowa-bzakup-kawy-dla-pracownikw-a-odliczenie-vatb\">Jak bezpiecznie udokumentowa\u0107 <b>zakup kawy dla pracownik\u00f3w a odliczenie VAT<\/b><\/h2>\n<p class=\"wp-block-paragraph\">Aby zwi\u0119kszy\u0107 szanse na obron\u0119 prawa do odliczenia podatku, warto zadba\u0107, by <b>zakup kawy dla pracownik\u00f3w a odliczenie VAT<\/b> by\u0142 od pocz\u0105tku dobrze udokumentowany. Podstaw\u0105 s\u0105 faktury wystawione na firm\u0119, z prawid\u0142owymi danymi nabywcy i mo\u017cliwie precyzyjnym opisem zam\u00f3wienia. Pomaga tak\u017ce wykazanie, \u017ce kawa trafia do biura, strefy socjalnej, sali spotka\u0144 lub recepcji, czyli do miejsc zwi\u0105zanych z codziennym funkcjonowaniem przedsi\u0119biorstwa, prac\u0105 zespo\u0142u oraz przyjmowaniem kontrahent\u00f3w.<\/p>\n<p class=\"wp-block-paragraph\">W praktyce du\u017ce znaczenie maj\u0105 te\u017c wewn\u0119trzne zasady korzystania z produkt\u00f3w. Kr\u00f3tka procedura lub regulamin wskazuj\u0105cy, \u017ce kawa jest przeznaczona do spo\u017cycia w siedzibie firmy przez pracownik\u00f3w i go\u015bci biznesowych, wzmacnia argument, \u017ce wydatek ma zwi\u0105zek z dzia\u0142alno\u015bci\u0105. Dobrze, gdy zam\u00f3wienia s\u0105 realizowane w uporz\u0105dkowany spos\u00f3b, na przyk\u0142ad przez jedn\u0105 osob\u0119 lub dzia\u0142 administracyjny. Taka przejrzysta organizacja u\u0142atwia kontrol\u0119 koszt\u00f3w, rozliczenia i pokazuje, \u017ce nie chodzi o zakupy o charakterze prywatnym.<\/p>\n<p class=\"wp-block-paragraph\">Pomocne bywa r\u00f3wnie\u017c korzystanie z profesjonalnych, sta\u0142ych rozwi\u0105za\u0144 dla biur, takich jak oferta Nespresso Professional, kt\u00f3ra obejmuje regularne dostawy kawy, ekspresy, akcesoria i serwis. Sta\u0142e zaopatrzenie biura oraz powtarzalny model zam\u00f3wie\u0144 tworz\u0105 sp\u00f3jny obraz wydatku firmowego. Przy ewentualnej kontroli liczy si\u0119 w\u0142a\u015bnie konsekwentna argumentacja: kawa wspiera organizacj\u0119 pracy, komfort zespo\u0142u, spotkania s\u0142u\u017cbowe i ci\u0105g\u0142o\u015b\u0107 funkcjonowania biura, a ca\u0142a dokumentacja potwierdza jej biznesowe wykorzystanie.<\/p><h2 class=\"wp-block-heading\" id=\"dlaczego-dobra-kawa-w-biurze-to-nie-tylko-koszt--ale-take-realna-warto-dla-firmy\">Dlaczego dobra kawa w biurze to nie tylko koszt \u2013 ale tak\u017ce realna warto\u015b\u0107 dla firmy<\/h2>\n<p class=\"wp-block-paragraph\">W praktyce temat <b>zakup kawy dla pracownik\u00f3w a odliczenie VAT<\/b> warto rozpatrywa\u0107 nie tylko przez pryzmat ksi\u0119gowy, ale r\u00f3wnie\u017c organizacyjny i wizerunkowy. Dobra kawa w biurze bywa codziennym benefitem, kt\u00f3ry realnie wp\u0142ywa na komfort pracy, jako\u015b\u0107 spotka\u0144 i atmosfer\u0119 w zespole. Przerwa na kaw\u0119 cz\u0119sto staje si\u0119 kr\u00f3tkim momentem wymiany pomys\u0142\u00f3w, integracji i regeneracji, a to przek\u0142ada si\u0119 na sprawniejsz\u0105 komunikacj\u0119 oraz wi\u0119ksze zaanga\u017cowanie pracownik\u00f3w. Z perspektywy firmy taki wydatek mo\u017ce wi\u0119c pe\u0142ni\u0107 funkcj\u0119 praktyczn\u0105, a jednocze\u015bnie wspiera\u0107 mark\u0119 pracodawcy.<\/p>\n<p class=\"wp-block-paragraph\">W tym kontek\u015bcie wysokiej jako\u015bci rozwi\u0105zania dost\u0119pne na kawadlabiznesu.pl\/nespresso pokazuj\u0105, \u017ce firmowa kawa mo\u017ce by\u0107 dobrze zaplanowanym elementem \u015brodowiska pracy. <b>Nespresso Professional<\/b> oferuje <b>19 mieszanek kaw<\/b>, tworzonych z ziaren pozyskiwanych w ramach programu <b>AAA Sustainable Quality<\/b>, co pozwala dopasowa\u0107 smak do preferencji r\u00f3\u017cnych os\u00f3b w biurze. Wa\u017cnym atutem s\u0105 te\u017c <b>nowoczesne ekspresy do biura<\/b>, proste w obs\u0142udze i estetyczne, a tak\u017ce <b>elastyczne modele wsp\u00f3\u0142pracy<\/b>: zakup urz\u0105dzenia, u\u017cyczenie bez op\u0142aty pocz\u0105tkowej lub najem z nisk\u0105 miesi\u0119czn\u0105 op\u0142at\u0105. Dla biznesu istotny jest r\u00f3wnie\u017c <b>szybki serwis<\/b> \u2013 naprawa do 48 godzin i ekspres zast\u0119pczy ograniczaj\u0105 ryzyko przestoj\u00f3w. Do tego dochodzi nacisk na <b>zr\u00f3wnowa\u017cony rozw\u00f3j<\/b>, co wzmacnia odpowiedzialny obraz firmy wobec pracownik\u00f3w, klient\u00f3w i partner\u00f3w.<\/p><p class=\"wp-block-paragraph\">Je\u015bli chcesz dowiedzie\u0107 si\u0119 wi\u0119cej kliknij tutaj: <a href=\"https:\/\/kawadlabiznesu.pl\/nespresso\/\">https:\/\/kawadlabiznesu.pl\/nespresso\/<\/a><\/p>","protected":false},"excerpt":{"rendered":"<p>Zakup kawy dla pracownik\u00f3w a odliczenie VAT \u2013 kiedy przedsi\u0119biorca mo\u017ce skorzysta\u0107 W praktyce zakup kawy dla pracownik\u00f3w a odliczenie<\/p>\n","protected":false},"author":2,"featured_media":13780,"comment_status":"open","ping_status":"open","sticky":false,"template":"","format":"standard","meta":{"_breakdance_hide_in_design_set":false,"_breakdance_tags":"","footnotes":""},"categories":[1],"tags":[],"class_list":["post-14210","post","type-post","status-publish","format-standard","has-post-thumbnail","hentry","category-informacje"],"meta_title":"Zakup kawy dla pracownik\u00f3w a odliczenie VAT","meta_description":"Zakup kawy dla pracownik\u00f3w a odliczenie VAT \u2013 sprawd\u017a, kiedy przedsi\u0119biorca mo\u017ce odliczy\u0107 podatek i jakie warunki trzeba spe\u0142ni\u0107.","focus_keyword":"","_links":{"self":[{"href":"https:\/\/kawadlabiznesu.pl\/nespresso\/wp-json\/wp\/v2\/posts\/14210","targetHints":{"allow":["GET"]}}],"collection":[{"href":"https:\/\/kawadlabiznesu.pl\/nespresso\/wp-json\/wp\/v2\/posts"}],"about":[{"href":"https:\/\/kawadlabiznesu.pl\/nespresso\/wp-json\/wp\/v2\/types\/post"}],"author":[{"embeddable":true,"href":"https:\/\/kawadlabiznesu.pl\/nespresso\/wp-json\/wp\/v2\/users\/2"}],"replies":[{"embeddable":true,"href":"https:\/\/kawadlabiznesu.pl\/nespresso\/wp-json\/wp\/v2\/comments?post=14210"}],"version-history":[{"count":0,"href":"https:\/\/kawadlabiznesu.pl\/nespresso\/wp-json\/wp\/v2\/posts\/14210\/revisions"}],"wp:featuredmedia":[{"embeddable":true,"href":"https:\/\/kawadlabiznesu.pl\/nespresso\/wp-json\/wp\/v2\/media\/13780"}],"wp:attachment":[{"href":"https:\/\/kawadlabiznesu.pl\/nespresso\/wp-json\/wp\/v2\/media?parent=14210"}],"wp:term":[{"taxonomy":"category","embeddable":true,"href":"https:\/\/kawadlabiznesu.pl\/nespresso\/wp-json\/wp\/v2\/categories?post=14210"},{"taxonomy":"post_tag","embeddable":true,"href":"https:\/\/kawadlabiznesu.pl\/nespresso\/wp-json\/wp\/v2\/tags?post=14210"}],"curies":[{"name":"wp","href":"https:\/\/api.w.org\/{rel}","templated":true}]}}