{"id":14504,"date":"2025-06-07T08:00:00","date_gmt":"2025-06-07T06:00:00","guid":{"rendered":"https:\/\/kawadlabiznesu.pl\/nespresso\/dzierzawa-ekspresu-do-kawy-w-warszawie-oferta-koszty-i-serwis-dla-firm\/"},"modified":"2025-06-07T08:00:00","modified_gmt":"2025-06-07T06:00:00","slug":"dzierzawa-ekspresu-do-kawy-w-warszawie-oferta-koszty-i-serwis-dla-firm","status":"publish","type":"post","link":"https:\/\/kawadlabiznesu.pl\/nespresso\/dzierzawa-ekspresu-do-kawy-w-warszawie-oferta-koszty-i-serwis-dla-firm\/","title":{"rendered":"Dzier\u017cawa ekspresu do kawy w Warszawie &#8211; oferta, koszty i serwis dla firm"},"content":{"rendered":"<div class=\"wp-block-rank-math-toc-block\" id=\"rank-math-toc\"><p><strong>Co znajdziesz w artykule?<\/strong><\/p><nav><ul><li class=\"\"><a href=\"#dlaczego-bdzierawa-ekspresu-do-kawy-warszawab-to-wygodne-rozwizanie-dla-firm\">Dlaczego <b>dzier\u017cawa ekspresu do kawy warszawa<\/b> to wygodne rozwi\u0105zanie dla firm<\/a><\/li><li class=\"\"><a href=\"#ile-kosztuje-dzierawa-ekspresu-do-kawy--co-wpywa-na-finaln-ofert\">Ile kosztuje dzier\u017cawa ekspresu do kawy \u2013 co wp\u0142ywa na finaln\u0105 ofert\u0119<\/a><\/li><li class=\"\"><a href=\"#serwis-ktry-daje-spokj--jak-unikn-przestojw-w-biurze\">Serwis, kt\u00f3ry daje spok\u00f3j \u2013 jak unikn\u0105\u0107 przestoj\u00f3w w biurze<\/a><\/li><\/ul><\/nav><\/div><h2 class=\"wp-block-heading\" id=\"dlaczego-bdzierawa-ekspresu-do-kawy-warszawab-to-wygodne-rozwizanie-dla-firm\">Dlaczego <b>dzier\u017cawa ekspresu do kawy warszawa<\/b> to wygodne rozwi\u0105zanie dla firm<\/h2>\n<p class=\"wp-block-paragraph\"><b>Dzier\u017cawa ekspresu do kawy warszawa<\/b> zyskuje popularno\u015b\u0107 w\u015br\u00f3d firm, kt\u00f3re chc\u0105 zapewni\u0107 pracownikom i go\u015bciom wysok\u0105 jako\u015b\u0107 kawy bez ponoszenia du\u017cych koszt\u00f3w na start. Zamiast inwestowa\u0107 w zakup urz\u0105dzenia na w\u0142asno\u015b\u0107, przedsi\u0119biorcy mog\u0105 wybra\u0107 model wsp\u00f3\u0142pracy lepiej dopasowany do skali biura, liczby pracownik\u00f3w i codziennych potrzeb. To wygodne rozwi\u0105zanie szczeg\u00f3lnie w dynamicznym \u015brodowisku biznesowym, gdzie liczy si\u0119 elastyczno\u015b\u0107, przewidywalno\u015b\u0107 wydatk\u00f3w i szybki dost\u0119p do sprawdzonego sprz\u0119tu.<\/p>\n<p class=\"wp-block-paragraph\">Na platformie Nespresso Professional dost\u0119pne s\u0105 trzy czytelne warianty wsp\u00f3\u0142pracy: sprzeda\u017c urz\u0105dze\u0144, u\u017cyczenie ekspresu bez op\u0142aty pocz\u0105tkowej przy regularnych dostawach kapsu\u0142ek oraz najem z nisk\u0105 miesi\u0119czn\u0105 op\u0142at\u0105. Taki model u\u0142atwia dopasowanie oferty do bud\u017cetu firmy i pozwala unikn\u0105\u0107 zamra\u017cania kapita\u0142u. Dodatkow\u0105 korzy\u015bci\u0105 jest kompleksowe wsparcie serwisowe, obejmuj\u0105ce napraw\u0119 w ci\u0105gu 48 godzin oraz ekspres zast\u0119pczy na czas usuni\u0119cia awarii, co ogranicza ryzyko przestoj\u00f3w w biurze.<\/p>\n<p class=\"wp-block-paragraph\">Znaczenie ma tak\u017ce sama jako\u015b\u0107 do\u015bwiadczenia kawowego. Nowoczesne, \u0142atwe w obs\u0142udze urz\u0105dzenia oraz 19 wyj\u0105tkowych mieszanek kawy Nespresso Professional, tworzonych z ziaren pozyskiwanych w ramach programu AAA Sustainable Quality\u2122, pomagaj\u0105 budowa\u0107 komfort pracy, dobr\u0105 atmosfer\u0119 i profesjonalny wizerunek firmy. Dobrze zorganizowana strefa kawowa sprzyja rozmowom, integracji i codziennej motywacji zespo\u0142u, a dla klient\u00f3w i partner\u00f3w biznesowych staje si\u0119 czytelnym sygna\u0142em dba\u0142o\u015bci o standard obs\u0142ugi.<\/p><h2 class=\"wp-block-heading\" id=\"ile-kosztuje-dzierawa-ekspresu-do-kawy--co-wpywa-na-finaln-ofert\">Ile kosztuje dzier\u017cawa ekspresu do kawy \u2013 co wp\u0142ywa na finaln\u0105 ofert\u0119<\/h2>\n<p class=\"wp-block-paragraph\"><b>Dz ier\u017cawa ekspresu do kawy Warszawa<\/b> to rozwi\u0105zanie, kt\u00f3rego koszt zale\u017cy od kilku praktycznych element\u00f3w, dlatego finalna oferta dla firmy jest zwykle ustalana indywidualnie. Du\u017ce znaczenie ma przede wszystkim wybrany model wsp\u00f3\u0142pracy. W ofercie Nespresso Professional dost\u0119pny jest zar\u00f3wno zakup urz\u0105dzenia, u\u017cyczenie ekspresu bez op\u0142aty pocz\u0105tkowej przy regularnych zam\u00f3wieniach kapsu\u0142ek, jak i najem z nisk\u0105 miesi\u0119czn\u0105 op\u0142at\u0105 oraz korzystniejszym kosztem kolejnych zam\u00f3wie\u0144. Na cen\u0119 wp\u0142ywa tak\u017ce klasa urz\u0105dzenia, jego wydajno\u015b\u0107 i funkcje, kt\u00f3re powinny by\u0107 dopasowane do liczby pracownik\u00f3w oraz cz\u0119stotliwo\u015bci parzenia kawy w biurze.<\/p>\n<p class=\"wp-block-paragraph\">Istotnym czynnikiem pozostaje r\u00f3wnie\u017c intensywno\u015b\u0107 u\u017cytkowania oraz liczba zamawianych kapsu\u0142ek. Im wi\u0119ksze zapotrzebowanie firmy, tym wa\u017cniejsze staje si\u0119 dobranie wariantu, kt\u00f3ry pozwoli zoptymalizowa\u0107 miesi\u0119czne wydatki. W\u0142a\u015bnie dlatego <b>dzier\u017cawa ekspresu do kawy Warszawa<\/b> w modelu Nespresso Professional daje przedsi\u0119biorstwom du\u017c\u0105 elastyczno\u015b\u0107: mo\u017cna dobra\u0107 rozwi\u0105zanie do wielko\u015bci zespo\u0142u, stylu pracy i za\u0142o\u017conego bud\u017cetu, a tym samym lepiej kontrolowa\u0107 koszty. Warto uwzgl\u0119dni\u0107 tak\u017ce dodatkow\u0105 warto\u015b\u0107 oferty, tak\u0105 jak nowoczesny design urz\u0105dze\u0144, szeroka gama akcesori\u00f3w oraz mo\u017cliwo\u015b\u0107 stworzenia w biurze estetycznej, profesjonalnej strefy kawowej, kt\u00f3ra podnosi komfort pracownik\u00f3w i pozytywnie wp\u0142ywa na odbi\u00f3r firmy przez go\u015bci.<\/p><h2 class=\"wp-block-heading\" id=\"serwis-ktry-daje-spokj--jak-unikn-przestojw-w-biurze\">Serwis, kt\u00f3ry daje spok\u00f3j \u2013 jak unikn\u0105\u0107 przestoj\u00f3w w biurze<\/h2>\n<p class=\"wp-block-paragraph\">Przy wyborze rozwi\u0105zania takiego jak <b>dzier\u017cawa ekspresu do kawy warszawa<\/b>, firmy zwracaj\u0105 uwag\u0119 nie tylko na smak kawy i wygl\u0105d urz\u0105dzenia, ale te\u017c na pewno\u015b\u0107, \u017ce biuro b\u0119dzie dzia\u0142a\u0107 bez zak\u0142\u00f3ce\u0144. W praktyce to w\u0142a\u015bnie <b>niezawodny serwis ekspresu do kawy<\/b> cz\u0119sto decyduje o komforcie pracy zespo\u0142u. Awaria urz\u0105dzenia w \u015brodku intensywnego dnia oznacza niepotrzebne przestoje, frustracj\u0119 pracownik\u00f3w i utrat\u0119 wa\u017cnego elementu codziennej rutyny, kt\u00f3ra w wielu biurach wspiera koncentracj\u0119, spotkania i wymian\u0119 pomys\u0142\u00f3w.<\/p>\n<p class=\"wp-block-paragraph\"><b>Nespresso Professional<\/b> odpowiada na te potrzeby kompleksowo: zapewnia <b>napraw\u0119 w ci\u0105gu 48 godzin<\/b> oraz <b>ekspres zast\u0119pczy<\/b> na czas usuni\u0119cia awarii. Dla przedsi\u0119biorc\u00f3w, szczeg\u00f3lnie w tak dynamicznym mie\u015bcie jak Warszawa, to realna korzy\u015b\u0107 biznesowa. Liczy si\u0119 szybkie wsparcie techniczne, \u0142atwy kontakt i sprawna obs\u0142uga, kt\u00f3ra ogranicza ryzyko przestoj\u00f3w do minimum. Dzi\u0119ki temu firma nie musi organizowa\u0107 zast\u0119pczych rozwi\u0105za\u0144 ani martwi\u0107 si\u0119 o komfort pracownik\u00f3w i go\u015bci.<\/p>\n<p class=\"wp-block-paragraph\">Znaczenie ma r\u00f3wnie\u017c to, \u017ce oferta Nespresso Professional wykracza poza sam sprz\u0119t. Dobra kawa w biurze sprzyja integracji zespo\u0142u, pobudza kreatywno\u015b\u0107 i poprawia codzienny komfort pracy. Marka oferuje 19 mieszanek przygotowanych z ziaren pozyskiwanych w ramach programu <b>AAA Sustainable Quality\u2122<\/b>, \u0142\u0105cz\u0105c wysok\u0105 jako\u015b\u0107 z odpowiedzialnym podej\u015bciem do \u015brodowiska i plantator\u00f3w. W\u0142a\u015bnie dlatego <b>dzier\u017cawa ekspresu do kawy warszawa<\/b> to dla wielu firm nie tylko kwestia wygody, ale tak\u017ce inwestycja w sprawnie dzia\u0142aj\u0105ce, nowoczesne i odpowiedzialne biuro.<\/p><p class=\"wp-block-paragraph\">Dowiedz si\u0119 wi\u0119cej &#8211; Kliknij tutaj: <a href=\"https:\/\/kawadlabiznesu.pl\/nespresso\/\">https:\/\/kawadlabiznesu.pl\/nespresso\/<\/a><\/p>","protected":false},"excerpt":{"rendered":"<p>Dlaczego dzier\u017cawa ekspresu do kawy warszawa to wygodne rozwi\u0105zanie dla firm Dzier\u017cawa ekspresu do kawy warszawa zyskuje popularno\u015b\u0107 w\u015br\u00f3d firm,<\/p>\n","protected":false},"author":2,"featured_media":13780,"comment_status":"open","ping_status":"open","sticky":false,"template":"","format":"standard","meta":{"_breakdance_hide_in_design_set":false,"_breakdance_tags":"","footnotes":""},"categories":[1],"tags":[],"class_list":["post-14504","post","type-post","status-publish","format-standard","has-post-thumbnail","hentry","category-informacje"],"meta_title":"Dzier\u017cawa ekspresu do kawy Warszawa \u2013 oferta i serwis","meta_description":"Sprawd\u017a, jak dzia\u0142a dzier\u017cawa ekspresu do kawy Warszawa: oferta dla firm, koszty, serwis i korzy\u015bci. Wybierz najlepsze rozwi\u0105zanie.","focus_keyword":"","_links":{"self":[{"href":"https:\/\/kawadlabiznesu.pl\/nespresso\/wp-json\/wp\/v2\/posts\/14504","targetHints":{"allow":["GET"]}}],"collection":[{"href":"https:\/\/kawadlabiznesu.pl\/nespresso\/wp-json\/wp\/v2\/posts"}],"about":[{"href":"https:\/\/kawadlabiznesu.pl\/nespresso\/wp-json\/wp\/v2\/types\/post"}],"author":[{"embeddable":true,"href":"https:\/\/kawadlabiznesu.pl\/nespresso\/wp-json\/wp\/v2\/users\/2"}],"replies":[{"embeddable":true,"href":"https:\/\/kawadlabiznesu.pl\/nespresso\/wp-json\/wp\/v2\/comments?post=14504"}],"version-history":[{"count":0,"href":"https:\/\/kawadlabiznesu.pl\/nespresso\/wp-json\/wp\/v2\/posts\/14504\/revisions"}],"wp:featuredmedia":[{"embeddable":true,"href":"https:\/\/kawadlabiznesu.pl\/nespresso\/wp-json\/wp\/v2\/media\/13780"}],"wp:attachment":[{"href":"https:\/\/kawadlabiznesu.pl\/nespresso\/wp-json\/wp\/v2\/media?parent=14504"}],"wp:term":[{"taxonomy":"category","embeddable":true,"href":"https:\/\/kawadlabiznesu.pl\/nespresso\/wp-json\/wp\/v2\/categories?post=14504"},{"taxonomy":"post_tag","embeddable":true,"href":"https:\/\/kawadlabiznesu.pl\/nespresso\/wp-json\/wp\/v2\/tags?post=14504"}],"curies":[{"name":"wp","href":"https:\/\/api.w.org\/{rel}","templated":true}]}}