{"id":14526,"date":"2025-06-16T08:00:00","date_gmt":"2025-06-16T06:00:00","guid":{"rendered":"https:\/\/kawadlabiznesu.pl\/nespresso\/ekspres-do-kawy-na-firme-koszty-vat-i-wybor-formy-finansowania\/"},"modified":"2025-06-16T08:00:00","modified_gmt":"2025-06-16T06:00:00","slug":"ekspres-do-kawy-na-firme-koszty-vat-i-wybor-formy-finansowania","status":"publish","type":"post","link":"https:\/\/kawadlabiznesu.pl\/nespresso\/ekspres-do-kawy-na-firme-koszty-vat-i-wybor-formy-finansowania\/","title":{"rendered":"Ekspres do kawy na firm\u0119 &#8211; koszty, VAT i wyb\u00f3r formy finansowania"},"content":{"rendered":"<div class=\"wp-block-rank-math-toc-block\" id=\"rank-math-toc\"><p><strong>Co znajdziesz w artykule?<\/strong><\/p><nav><ul><li class=\"\"><a href=\"#ekspres-do-kawy-na-firm--jakie-koszty-naprawd-warto-uwzgldni\">Ekspres do kawy na firm\u0119 \u2013 jakie koszty naprawd\u0119 warto uwzgl\u0119dni\u0107<\/a><\/li><li class=\"\"><a href=\"#ekspres-do-kawy-na-firm--kiedy-mona-odliczy-vat-i-na-co-uwaa\">Ekspres do kawy na firm\u0119 \u2013 kiedy mo\u017cna odliczy\u0107 VAT i na co uwa\u017ca\u0107<\/a><\/li><li class=\"\"><a href=\"#ekspres-do-kawy-na-firm--ktr-form-finansowania-wybra-by-zyska-najwicej\">Ekspres do kawy na firm\u0119 \u2013 kt\u00f3r\u0105 form\u0119 finansowania wybra\u0107, by zyska\u0107 najwi\u0119cej<\/a><\/li><\/ul><\/nav><\/div><h2 class=\"wp-block-heading\" id=\"ekspres-do-kawy-na-firm--jakie-koszty-naprawd-warto-uwzgldni\">Ekspres do kawy na firm\u0119 \u2013 jakie koszty naprawd\u0119 warto uwzgl\u0119dni\u0107<\/h2>\n<p class=\"wp-block-paragraph\">Wybieraj\u0105c <b>ekspres do kawy na firm\u0119<\/b>, warto patrze\u0107 szerzej ni\u017c tylko na cen\u0119 samego urz\u0105dzenia. Ca\u0142kowity koszt tworz\u0105 tak\u017ce codzienne wydatki na kaw\u0119, kubki lub fili\u017canki, pojemniki na kapsu\u0142ki, \u015brodki do czyszczenia, odkamienianie oraz regularny <b>serwis ekspresu do kawy<\/b>. W biurze znaczenie maj\u0105 r\u00f3wnie\u017c ewentualne naprawy i ryzyko przestoj\u00f3w, bo awaria urz\u0105dzenia szybko przek\u0142ada si\u0119 na dyskomfort pracownik\u00f3w i gorsz\u0105 organizacj\u0119 przerw. Dlatego ta\u0144szy model nie zawsze oznacza realn\u0105 oszcz\u0119dno\u015b\u0107, je\u015bli wymaga cz\u0119stszej obs\u0142ugi, jest mniej wydajny albo nie zapewnia powtarzalnej jako\u015bci napoj\u00f3w.<\/p>\n<p class=\"wp-block-paragraph\">Dobrze dobrany <b>ekspres do kawy na firm\u0119<\/b> wp\u0142ywa te\u017c na komfort pracy, tempo obs\u0142ugi i wizerunek biura w oczach go\u015bci, klient\u00f3w oraz zespo\u0142u. W rozwi\u0105zaniach biznesowych liczy si\u0119 przewidywalno\u015b\u0107 koszt\u00f3w, dlatego warto uwzgl\u0119dni\u0107 nie tylko zakup, ale te\u017c model finansowania i zakres wsparcia. Przyk\u0142adem jest Nespresso Professional, gdzie firma zyskuje dost\u0119p nie tylko do ekspresu, ale r\u00f3wnie\u017c do 19 mieszanek kaw, nowoczesnych akcesori\u00f3w i profesjonalnej obs\u0142ugi serwisowej. Platforma oferuje sprzeda\u017c, u\u017cyczenie bez op\u0142aty pocz\u0105tkowej przy regularnych dostawach kapsu\u0142ek oraz najem z nisk\u0105 miesi\u0119czn\u0105 op\u0142at\u0105. Dodatkowo naprawa realizowana jest w ci\u0105gu 48 godzin, a na czas awarii dost\u0119pny jest ekspres zast\u0119pczy, co pomaga lepiej kontrolowa\u0107 <b>koszty u\u017cytkowania ekspresu w firmie<\/b> w d\u0142u\u017cszej perspektywie.<\/p><h2 class=\"wp-block-heading\" id=\"ekspres-do-kawy-na-firm--kiedy-mona-odliczy-vat-i-na-co-uwaa\">Ekspres do kawy na firm\u0119 \u2013 kiedy mo\u017cna odliczy\u0107 VAT i na co uwa\u017ca\u0107<\/h2>\n<p class=\"wp-block-paragraph\">Zakup <b>ekspresu do kawy na firm\u0119<\/b> mo\u017ce dawa\u0107 prawo do odliczenia VAT, ale kluczowe jest to, czy wydatek ma realny zwi\u0105zek z dzia\u0142alno\u015bci\u0105 gospodarcz\u0105. W praktyce znaczenie ma przeznaczenie urz\u0105dzenia: je\u015bli ekspres stoi w biurze, recepcji, sali spotka\u0144 lub strefie socjalnej i s\u0142u\u017cy pracownikom, klientom oraz kontrahentom, \u0142atwiej wykaza\u0107 jego firmowy charakter. Taki zakup bywa uzasadniany jako element organizacji pracy, budowania standardu obs\u0142ugi oraz zapewnienia odpowiednich warunk\u00f3w podczas spotka\u0144 biznesowych. W\u0142a\u015bnie dlatego <b>ekspres do kawy na firm\u0119<\/b> nie zawsze jest traktowany jak wydatek prywatny czy reprezentacyjny.<\/p>\n<p class=\"wp-block-paragraph\">Przy rozliczeniu du\u017ce znaczenie ma jednak dokumentacja: faktura wystawiona na firm\u0119, miejsce u\u017cytkowania sprz\u0119tu oraz sp\u00f3jno\u015b\u0107 z profilem dzia\u0142alno\u015bci. Istotne jest te\u017c faktyczne korzystanie z ekspresu wy\u0142\u0105cznie lub g\u0142\u00f3wnie w celach s\u0142u\u017cbowych. Je\u015bli urz\u0105dzenie trafia do przestrzeni biurowej w modelu sprzeda\u017cy, najmu albo u\u017cyczenia, jak w rozwi\u0105zaniach oferowanych przez Nespresso Professional dla biznesu, \u0142atwiej uporz\u0105dkowa\u0107 zasady u\u017cytkowania i koszty eksploatacji. Trzeba jednak uwa\u017ca\u0107, gdy <b>ekspres do kawy na firm\u0119<\/b> jest u\u017cywany mieszanie, tak\u017ce prywatnie, bo mo\u017ce to ograniczy\u0107 prawo do odliczenia. Ka\u017cdy przypadek warto om\u00f3wi\u0107 z ksi\u0119gowym lub doradc\u0105 podatkowym, poniewa\u017c ostateczna ocena zale\u017cy od okoliczno\u015bci i aktualnej praktyki organ\u00f3w podatkowych.<\/p><h2 class=\"wp-block-heading\" id=\"ekspres-do-kawy-na-firm--ktr-form-finansowania-wybra-by-zyska-najwicej\">Ekspres do kawy na firm\u0119 \u2013 kt\u00f3r\u0105 form\u0119 finansowania wybra\u0107, by zyska\u0107 najwi\u0119cej<\/h2>\n<p class=\"wp-block-paragraph\">Wybieraj\u0105c <b>ekspres do kawy na firm\u0119<\/b>, warto dopasowa\u0107 model finansowania do skali biura, bud\u017cetu i przewidywanego zu\u017cycia kawy. Zakup urz\u0105dzenia na w\u0142asno\u015b\u0107 najlepiej sprawdza si\u0119 tam, gdzie liczy si\u0119 pe\u0142na kontrola nad kosztami i swoboda zamawiania kapsu\u0142ek w dowolnej ilo\u015bci. To dobre rozwi\u0105zanie dla firm, kt\u00f3re wol\u0105 jednorazow\u0105 inwestycj\u0119 i chc\u0105 traktowa\u0107 <b>ekspres do kawy na firm\u0119<\/b> jako element wyposa\u017cenia biura. Z kolei u\u017cyczenie ekspresu bez op\u0142aty pocz\u0105tkowej jest atrakcyjne dla zespo\u0142\u00f3w, kt\u00f3re chc\u0105 unikn\u0105\u0107 wi\u0119kszego wydatku na start i jednocze\u015bnie regularnie zamawia\u0107 kapsu\u0142ki. Taki model u\u0142atwia szybkie wdro\u017cenie rozwi\u0105zania bez obci\u0105\u017cania firmowej p\u0142ynno\u015bci. Trzeci wariant, czyli najem z nisk\u0105 miesi\u0119czn\u0105 op\u0142at\u0105 i ni\u017cszym kosztem zam\u00f3wie\u0144, bywa korzystny dla biur szukaj\u0105cych przewidywalnych wydatk\u00f3w operacyjnych oraz sta\u0142ego dost\u0119pu do wysokiej jako\u015bci kawy. <b>Nespresso Professional<\/b> oferuje elastyczne podej\u015bcie do tych trzech form wsp\u00f3\u0142pracy, dzi\u0119ki czemu \u0142atwiej dobra\u0107 rozwi\u0105zanie do potrzeb ma\u0142ej firmy, rozwijaj\u0105cego si\u0119 biura czy wi\u0119kszej organizacji. Wa\u017cnym atutem jest tak\u017ce serwis: naprawa w ci\u0105gu 48 godzin oraz <b>ekspres zast\u0119pczy<\/b> na czas awarii, co skutecznie ogranicza przestoje i podnosi wygod\u0119 codziennego u\u017cytkowania.<\/p><p class=\"wp-block-paragraph\">Dowiedz si\u0119 wi\u0119cej &#8211; Kliknij tutaj: <a href=\"https:\/\/kawadlabiznesu.pl\/nespresso\/\">https:\/\/kawadlabiznesu.pl\/nespresso\/<\/a><\/p>","protected":false},"excerpt":{"rendered":"<p>Ekspres do kawy na firm\u0119 \u2013 jakie koszty naprawd\u0119 warto uwzgl\u0119dni\u0107 Wybieraj\u0105c ekspres do kawy na firm\u0119, warto patrze\u0107 szerzej<\/p>\n","protected":false},"author":2,"featured_media":13780,"comment_status":"open","ping_status":"open","sticky":false,"template":"","format":"standard","meta":{"_breakdance_hide_in_design_set":false,"_breakdance_tags":"","footnotes":""},"categories":[1],"tags":[],"class_list":["post-14526","post","type-post","status-publish","format-standard","has-post-thumbnail","hentry","category-informacje"],"meta_title":"Ekspres do kawy na firm\u0119 \u2013 koszty, VAT i finansowanie","meta_description":"Sprawd\u017a, jakie koszty obejmuje ekspres do kawy na firm\u0119, jak rozliczy\u0107 VAT i kt\u00f3r\u0105 form\u0119 finansowania wybra\u0107 dla biznesu.","focus_keyword":"","_links":{"self":[{"href":"https:\/\/kawadlabiznesu.pl\/nespresso\/wp-json\/wp\/v2\/posts\/14526","targetHints":{"allow":["GET"]}}],"collection":[{"href":"https:\/\/kawadlabiznesu.pl\/nespresso\/wp-json\/wp\/v2\/posts"}],"about":[{"href":"https:\/\/kawadlabiznesu.pl\/nespresso\/wp-json\/wp\/v2\/types\/post"}],"author":[{"embeddable":true,"href":"https:\/\/kawadlabiznesu.pl\/nespresso\/wp-json\/wp\/v2\/users\/2"}],"replies":[{"embeddable":true,"href":"https:\/\/kawadlabiznesu.pl\/nespresso\/wp-json\/wp\/v2\/comments?post=14526"}],"version-history":[{"count":0,"href":"https:\/\/kawadlabiznesu.pl\/nespresso\/wp-json\/wp\/v2\/posts\/14526\/revisions"}],"wp:featuredmedia":[{"embeddable":true,"href":"https:\/\/kawadlabiznesu.pl\/nespresso\/wp-json\/wp\/v2\/media\/13780"}],"wp:attachment":[{"href":"https:\/\/kawadlabiznesu.pl\/nespresso\/wp-json\/wp\/v2\/media?parent=14526"}],"wp:term":[{"taxonomy":"category","embeddable":true,"href":"https:\/\/kawadlabiznesu.pl\/nespresso\/wp-json\/wp\/v2\/categories?post=14526"},{"taxonomy":"post_tag","embeddable":true,"href":"https:\/\/kawadlabiznesu.pl\/nespresso\/wp-json\/wp\/v2\/tags?post=14526"}],"curies":[{"name":"wp","href":"https:\/\/api.w.org\/{rel}","templated":true}]}}