{"id":14544,"date":"2025-07-02T08:00:00","date_gmt":"2025-07-02T06:00:00","guid":{"rendered":"https:\/\/kawadlabiznesu.pl\/nespresso\/wynajem-ekspresow-do-kawy-w-poznaniu-ceny-serwis-i-warunki-dla-firm\/"},"modified":"2025-07-02T08:00:00","modified_gmt":"2025-07-02T06:00:00","slug":"wynajem-ekspresow-do-kawy-w-poznaniu-ceny-serwis-i-warunki-dla-firm","status":"publish","type":"post","link":"https:\/\/kawadlabiznesu.pl\/nespresso\/wynajem-ekspresow-do-kawy-w-poznaniu-ceny-serwis-i-warunki-dla-firm\/","title":{"rendered":"Wynajem ekspres\u00f3w do kawy w Poznaniu &#8211; ceny, serwis i warunki dla firm"},"content":{"rendered":"<div class=\"wp-block-rank-math-toc-block\" id=\"rank-math-toc\"><p><strong>Co znajdziesz w artykule?<\/strong><\/p><nav><ul><li class=\"\"><a href=\"#wynajem-ekspresw-do-kawy-pozna--ile-naprawd-kosztuje-wygoda-w-firmie\">Wynajem ekspres\u00f3w do kawy Pozna\u0144 \u2013 ile naprawd\u0119 kosztuje wygoda w firmie<\/a><\/li><li class=\"\"><a href=\"#niezawodny-serwis-ekspresw--dlaczego-szybka-reakcja-ma-kluczowe-znaczenie\">Niezawodny serwis ekspres\u00f3w \u2013 dlaczego szybka reakcja ma kluczowe znaczenie<\/a><\/li><li class=\"\"><a href=\"#elastyczne-warunki-dla-firm--jak-wybra-rozwizanie-ktre-wspiera-zesp\">Elastyczne warunki dla firm \u2013 jak wybra\u0107 rozwi\u0105zanie, kt\u00f3re wspiera zesp\u00f3\u0142<\/a><\/li><\/ul><\/nav><\/div><h2 class=\"wp-block-heading\" id=\"wynajem-ekspresw-do-kawy-pozna--ile-naprawd-kosztuje-wygoda-w-firmie\">Wynajem ekspres\u00f3w do kawy Pozna\u0144 \u2013 ile naprawd\u0119 kosztuje wygoda w firmie<\/h2>\n<p class=\"wp-block-paragraph\">Koszt us\u0142ugi, jak\u0105 jest <b>wynajem ekspres\u00f3w do kawy Pozna\u0144<\/b>, zale\u017cy przede wszystkim od modelu wsp\u00f3\u0142pracy, liczby pracownik\u00f3w i tego, jak cz\u0119sto zesp\u00f3\u0142 si\u0119ga po kaw\u0119. W praktyce firmy maj\u0105 do wyboru trzy rozwi\u0105zania. Pierwsze to zakup urz\u0105dzenia \u2013 opcja dobra tam, gdzie liczy si\u0119 pe\u0142na w\u0142asno\u015b\u0107 ekspresu i swoboda zamawiania dowolnej ilo\u015bci kapsu\u0142ek. Drugie to u\u017cyczenie ekspresu bez op\u0142aty pocz\u0105tkowej, ale z regularnymi zam\u00f3wieniami kawy, co pozwala ograniczy\u0107 wej\u015bciowy koszt inwestycji. Trzecim wariantem jest najem, czyli niski miesi\u0119czny abonament po\u0142\u0105czony z ta\u0144szymi zam\u00f3wieniami kapsu\u0142ek, cz\u0119sto korzystny dla biur, kt\u00f3re chc\u0105 \u0142atwo kontrolowa\u0107 sta\u0142e wydatki.<\/p>\n<p class=\"wp-block-paragraph\">Na realn\u0105 cen\u0119 wp\u0142ywa te\u017c klasa urz\u0105dzenia, przewidywana intensywno\u015b\u0107 u\u017cytkowania oraz poziom obs\u0142ugi posprzeda\u017cowej. W ofercie <b>Nespresso Professional<\/b> wa\u017cnym elementem jest nie tylko sama kawa i ekspres, ale tak\u017ce <b>serwis ekspres\u00f3w do kawy dla firm<\/b> \u2013 naprawa w ci\u0105gu 48 godzin oraz ekspres zast\u0119pczy na czas awarii. To istotne, bo koszt wygody w biurze nie sprowadza si\u0119 wy\u0142\u0105cznie do raty czy ceny kapsu\u0142ek, ale r\u00f3wnie\u017c do ci\u0105g\u0142o\u015bci pracy i komfortu zespo\u0142u. Dzi\u0119ki elastycznym modelom wsp\u00f3\u0142pracy <b>wynajem ekspres\u00f3w do kawy Pozna\u0144<\/b> mo\u017cna dopasowa\u0107 do skali biura, bud\u017cetu oraz tego, czy pracownicy wypijaj\u0105 kilka fili\u017canek dziennie, czy kawa jest wa\u017cnym elementem codziennej kultury pracy.<\/p><h2 class=\"wp-block-heading\" id=\"niezawodny-serwis-ekspresw--dlaczego-szybka-reakcja-ma-kluczowe-znaczenie\">Niezawodny serwis ekspres\u00f3w \u2013 dlaczego szybka reakcja ma kluczowe znaczenie<\/h2>\n<p class=\"wp-block-paragraph\">Dla firm, kt\u00f3re rozwa\u017caj\u0105 <b>wynajem ekspres\u00f3w do kawy Pozna\u0144<\/b>, r\u00f3wnie wa\u017cna jak smak kawy jest pewno\u015b\u0107, \u017ce urz\u0105dzenie b\u0119dzie dzia\u0142a\u0107 bez zak\u0142\u00f3ce\u0144. W biurze awaria ekspresu to nie tylko chwilowa niedogodno\u015b\u0107, ale tak\u017ce realny spadek komfortu pracy, gorsza organizacja przerw i niepotrzebne zaanga\u017cowanie zespo\u0142u w szukanie dora\u017anych rozwi\u0105za\u0144. W\u0142a\u015bnie dlatego tak du\u017ce znaczenie ma <b>profesjonalny serwis ekspres\u00f3w<\/b>, kt\u00f3ry odpowiada szybko i skutecznie. Na platformie Nespresso Professional dla biznesu wa\u017cnym elementem oferty jest <b>naprawa w ci\u0105gu 48 godzin<\/b> oraz <b>ekspres zast\u0119pczy na czas awarii<\/b>. To rozwi\u0105zanie, kt\u00f3re pozwala zachowa\u0107 ci\u0105g\u0142o\u015b\u0107 dzia\u0142ania i ograniczy\u0107 ryzyko przestoj\u00f3w praktycznie do minimum. Z perspektywy przedsi\u0119biorcy oznacza to wi\u0119ksze bezpiecze\u0144stwo operacyjne, przewidywalno\u015b\u0107 koszt\u00f3w i mniej problem\u00f3w administracyjnych. Przy wyborze us\u0142ugi takiej jak <b>wynajem ekspres\u00f3w do kawy Pozna\u0144<\/b> warto wi\u0119c patrze\u0107 nie tylko na cen\u0119 czy model urz\u0105dzenia, ale te\u017c na standard opieki posprzeda\u017cowej. Sprawny, dost\u0119pny i kompleksowy <b>serwis Nespresso Professional<\/b> zwi\u0119ksza wygod\u0119 codziennego u\u017cytkowania, a pracownikom zapewnia sta\u0142y dost\u0119p do wysokiej jako\u015bci kawy bez obaw o d\u0142u\u017csze przerwy w funkcjonowaniu biura.<\/p><h2 class=\"wp-block-heading\" id=\"elastyczne-warunki-dla-firm--jak-wybra-rozwizanie-ktre-wspiera-zesp\">Elastyczne warunki dla firm \u2013 jak wybra\u0107 rozwi\u0105zanie, kt\u00f3re wspiera zesp\u00f3\u0142<\/h2>\n<p class=\"wp-block-paragraph\"><b>wynajem ekspres\u00f3w do kawy pozna\u0144<\/b> warto rozpatrywa\u0107 szerzej ni\u017c tylko jako wyb\u00f3r urz\u0105dzenia do kuchni biurowej. Dobrze zaprojektowana strefa kawowa realnie wp\u0142ywa na komfort pracy, rytm dnia i jako\u015b\u0107 relacji w firmie. Nespresso Professional proponuje nowoczesne, niezawodne i proste w obs\u0142udze ekspresy o eleganckim wzornictwie, kt\u00f3re \u0142atwo dopasowa\u0107 do skali biura oraz intensywno\u015bci u\u017cytkowania. Istotnym atutem s\u0105 tak\u017ce elastyczne modele wsp\u00f3\u0142pracy: zakup urz\u0105dzenia, u\u017cyczenie bez op\u0142aty pocz\u0105tkowej przy regularnych dostawach kapsu\u0142ek lub najem z nisk\u0105 miesi\u0119czn\u0105 op\u0142at\u0105 i korzystniejszym kosztem zam\u00f3wie\u0144.<\/p>\n<p class=\"wp-block-paragraph\">O standardzie firmowej kuchni decyduje jednak nie tylko sprz\u0119t, lecz tak\u017ce smak i r\u00f3\u017cnorodno\u015b\u0107. Do dyspozycji firm pozostaje 19 wyj\u0105tkowych mieszanek kawy, tworzonych z r\u0119cznie zbieranych ziaren wyselekcjonowanych w programie AAA Sustainable Quality\u2122. Taka oferta pozwala odpowiedzie\u0107 na r\u00f3\u017cne preferencje zespo\u0142u i go\u015bci, a dodatkowe akcesoria \u2013 od fili\u017canek po praktyczne dodatki baristyczne \u2013 podnosz\u0105 estetyk\u0119 oraz funkcjonalno\u015b\u0107 ca\u0142ej przestrzeni. To w\u0142a\u015bnie dlatego <b>wynajem ekspres\u00f3w do kawy pozna\u0144<\/b> mo\u017ce sta\u0107 si\u0119 elementem budowania bardziej przyjaznego miejsca pracy.<\/p>\n<p class=\"wp-block-paragraph\">Dobra kawa sprzyja kr\u00f3tkim spotkaniom, spontanicznym rozmowom i wymianie pomys\u0142\u00f3w, a wi\u0119c wspiera integracj\u0119 pracownik\u00f3w, kreatywno\u015b\u0107 i pozytywne relacje w zespole. Dla firm wa\u017cne jest r\u00f3wnie\u017c bezpiecze\u0144stwo codziennego dzia\u0142ania, dlatego znaczenie ma kompleksowy serwis: naprawa do 48 godzin i ekspres zast\u0119pczy na czas usuni\u0119cia awarii ograniczaj\u0105 ryzyko przestoj\u00f3w. Warto te\u017c zwr\u00f3ci\u0107 uwag\u0119 na odpowiedzialne podej\u015bcie marki do \u015brodowiska i warunk\u00f3w \u017cycia plantator\u00f3w, bo <b>wynajem ekspres\u00f3w do kawy pozna\u0144<\/b> coraz cz\u0119\u015bciej \u0142\u0105czy wygod\u0119 biura z jako\u015bci\u0105, odpowiedzialno\u015bci\u0105 i realnym wsparciem dla zespo\u0142u.<\/p><p class=\"wp-block-paragraph\">Dowiedz si\u0119 wi\u0119cej &#8211; Kliknij tutaj: <a href=\"https:\/\/kawadlabiznesu.pl\/nespresso\/modele-biznesowe\/\">https:\/\/kawadlabiznesu.pl\/nespresso\/modele-biznesowe\/<\/a><\/p>","protected":false},"excerpt":{"rendered":"<p>Wynajem ekspres\u00f3w do kawy Pozna\u0144 \u2013 ile naprawd\u0119 kosztuje wygoda w firmie Koszt us\u0142ugi, jak\u0105 jest wynajem ekspres\u00f3w do kawy<\/p>\n","protected":false},"author":2,"featured_media":13780,"comment_status":"open","ping_status":"open","sticky":false,"template":"","format":"standard","meta":{"_breakdance_hide_in_design_set":false,"_breakdance_tags":"","footnotes":""},"categories":[1],"tags":[],"class_list":["post-14544","post","type-post","status-publish","format-standard","has-post-thumbnail","hentry","category-informacje"],"meta_title":"Wynajem ekspres\u00f3w do kawy Pozna\u0144 \u2013 ceny i serwis","meta_description":"Sprawd\u017a, jak wygl\u0105da wynajem ekspres\u00f3w do kawy Pozna\u0144: ceny, serwis, warunki umowy i rozwi\u0105zania dopasowane do potrzeb firm.","focus_keyword":"","_links":{"self":[{"href":"https:\/\/kawadlabiznesu.pl\/nespresso\/wp-json\/wp\/v2\/posts\/14544","targetHints":{"allow":["GET"]}}],"collection":[{"href":"https:\/\/kawadlabiznesu.pl\/nespresso\/wp-json\/wp\/v2\/posts"}],"about":[{"href":"https:\/\/kawadlabiznesu.pl\/nespresso\/wp-json\/wp\/v2\/types\/post"}],"author":[{"embeddable":true,"href":"https:\/\/kawadlabiznesu.pl\/nespresso\/wp-json\/wp\/v2\/users\/2"}],"replies":[{"embeddable":true,"href":"https:\/\/kawadlabiznesu.pl\/nespresso\/wp-json\/wp\/v2\/comments?post=14544"}],"version-history":[{"count":0,"href":"https:\/\/kawadlabiznesu.pl\/nespresso\/wp-json\/wp\/v2\/posts\/14544\/revisions"}],"wp:featuredmedia":[{"embeddable":true,"href":"https:\/\/kawadlabiznesu.pl\/nespresso\/wp-json\/wp\/v2\/media\/13780"}],"wp:attachment":[{"href":"https:\/\/kawadlabiznesu.pl\/nespresso\/wp-json\/wp\/v2\/media?parent=14544"}],"wp:term":[{"taxonomy":"category","embeddable":true,"href":"https:\/\/kawadlabiznesu.pl\/nespresso\/wp-json\/wp\/v2\/categories?post=14544"},{"taxonomy":"post_tag","embeddable":true,"href":"https:\/\/kawadlabiznesu.pl\/nespresso\/wp-json\/wp\/v2\/tags?post=14544"}],"curies":[{"name":"wp","href":"https:\/\/api.w.org\/{rel}","templated":true}]}}